{"id":729,"date":"2018-05-17T11:14:01","date_gmt":"2018-05-17T09:14:01","guid":{"rendered":"http:\/\/seskaro.net\/?p=729"},"modified":"2018-05-17T11:20:58","modified_gmt":"2018-05-17T09:20:58","slug":"informationstraff-gor-om-seskaro-leppaniemikajens-renovering-och-fibertill-alla","status":"publish","type":"post","link":"http:\/\/seskaro.net\/?p=729","title":{"rendered":"I N F O R M A T I O N S T R \u00c4 F F"},"content":{"rendered":"<h1>G\u00d6R OM SESKAR\u00d6: Lepp\u00e4niemikajens renovering och Fibertill alla!<\/h1>\n<h1><span style=\"color: #0000ff;\"><strong>FOLKETS HUS Seskar\u00f6:<br \/>\nTisdagen den 22 maj<br \/>\nkl 17.30 &#8211; 18.45\u00a0\u00a0Lepp\u00e4niemikajens renovering och G\u00d6R OM SESKAR\u00d6<br \/>\nkl 19.00\u00a0 \u00a0 \u00a0 \u00a0 \u00a0 \u00a0 \u00a0 \u00a0Fiber <\/strong>till alla p\u00e5 Seskar\u00f6 med omnejd<\/span><br \/>\n<span style=\"color: #0000ff;\"> L\u00e4s mer nedan:<\/span><br \/>\n______________________________________________________________________<\/h1>\n<p>Seskar\u00f6 Hembygdsf\u00f6rening<\/p>\n<p><strong>Informationstr\u00e4ff om bl a Lepp\u00e4niemikajens renovering och G\u00d6R OM SESKAR\u00d6<\/strong><br \/>\nSom ett led i v\u00e5r satsning f\u00f6r bl a \u00f6kad b\u00e5tturism till Seskar\u00f6 har Haparanda kommun<br \/>\nerh\u00e5llit ett ekonomiskt st\u00f6d f\u00f6r renovering av Lepp\u00e4niemikajen.<\/p>\n<p>Kom och ge dina tankar och synpunkter om vad som skulle vara bra utveckling p\u00e5 Seskar\u00f6 Tisdag den 22\/5 kl 17.30 \u2013 18.45 p\u00e5 Folkets Hus.<br \/>\nDet \u00e4r v\u00e5r f\u00f6rhoppning att detta \u00e4r inledningen av en fortsatt utveckling av turistsatsningar\u00a0\u00a0p\u00e5 Seskar\u00f6 d\u00e4r utbyggnad av Lepp\u00e4niemikajen \u00e4r en del.<br \/>\n<strong>Jytte Rydiger<\/strong> fr\u00e5n Haparanda Kommun ska leda diskussionen<br \/>\nunder rubriken G\u00d6R OM SESKAR\u00d6.<br \/>\n<strong>Jimmy Henriksson<\/strong> fastighetschef kommer att ber\u00e4tta om renoveringen av kajen.<\/p>\n<p>V\u00e4lkommen<br \/>\nSeskar\u00f6 Hembygdsf\u00f6rening<br \/>\nMaud Videhult Ordf.<\/p>\n<p>M\u00f6tet \u00e4r inledningen p\u00e5 en informationskv\u00e4llen\u00a0d\u00e4r fiberinformationen tar \u00f6ver kl 19.00<br \/>\n______________________________________________________________________<\/p>\n<p>Seskar\u00f6 Hembygdsf\u00f6rening<\/p>\n<p>Till Fastighets- och Hus\u00e4gare samt sommarstuge\u00e4gare<br \/>\np\u00e5 Seskar\u00f6, Rev\u00e4saari och V Nikkala.<\/p>\n<p><strong>Informationstr\u00e4ff &#8211; fiber till alla p\u00e5 Seskar\u00f6 med omnejd<\/strong><\/p>\n<p>Sn\u00f6n har l\u00e4mnat v\u00e5ra marker. Nu finns inga hinder f\u00f6r att gr\u00e4va ner fiber i v\u00e5ra marker.<br \/>\nKom och tr\u00e4ffa ansvariga f\u00f6r fiberutbyggnaden p\u00e5 Seskar\u00f6 med omnejd.<\/p>\n<p>Tisdag den 22 maj kl 19.00 p\u00e5 Folkets Hus<\/p>\n<p>Har du fr\u00e5gor som r\u00f6r indragningen av fiber i din fastighet, kanske inte best\u00e4mt dig ifall<br \/>\ndu ska ha fiber s\u00e5 kom och st\u00e4ll fr\u00e5gor och ev anm\u00e4l dig f\u00f6r fiberinstallationer.<br \/>\nNi som bor i hyresfastigheter kan med f\u00f6rdel prata md Er fastighets\u00e4gare och<br \/>\nh\u00f6r hur l\u00e5ngt man kommit i diskussionen med fiberinstallat\u00f6ren.<br \/>\nMed p\u00e5 m\u00f6tet kommer alla de organisationer som \u00e4r involverade i fiberutbyggnaden.<br \/>\nDom kommer att ber\u00e4tta om hur arbetet l\u00e4ggs upp, hur man ska dra fiber,<br \/>\nvad dom vill veta av oss och vad du som fastighets\u00e4gare beh\u00f6ver fatta f\u00f6r beslut mm.<br \/>\nHar ni inte m\u00f6jlighet att vara med och redan best\u00e4llt fiber s\u00e5 kommer man<br \/>\natt kontakta Er f\u00f6r att f\u00e5 n\u00f6dv\u00e4ndig information.<\/p>\n<p>Fibergruppen\/gm<\/p>\n<p>Sten-Inge Videhult<br \/>\nTel 070-5957370<br \/>\nsten-inge.videhult@telia.com<\/p>\n<p>M\u00f6tet \u00e4r en forts\u00e4ttning p\u00e5 informationskv\u00e4llen som inledes kl 17.30<\/p>\n<p>&nbsp;<\/p>\n<p>&nbsp;<\/p>\n<p>&nbsp;<\/p>\n<p>&nbsp;<\/p>\n<p>&nbsp;<\/p>\n<p>&nbsp;<\/p>\n<div id=\"wp_fb_like_button\" style=\"margin:5px 0 5px 5px;float:right;height:100px;\"><script src=\"http:\/\/connect.facebook.net\/en_US\/all.js#xfbml=1\"><\/script><fb:like href=\"http%3A%2F%2Fseskaro.net%2F%3Fp%3D729\" send=\"true\" layout=\"button_count\" width=\"450\" show_faces=\"true\" font=\"arial\" action=\"like\" colorscheme=\"light\"><\/fb:like><\/div>","protected":false},"excerpt":{"rendered":"<p>G\u00d6R OM SESKAR\u00d6: Lepp\u00e4niemikajens renovering och Fibertill alla! FOLKETS HUS Seskar\u00f6: Tisdagen den 22 maj kl 17.30 &#8211; 18.45\u00a0\u00a0Lepp\u00e4niemikajens renovering och G\u00d6R OM SESKAR\u00d6 kl 19.00\u00a0 \u00a0 \u00a0 \u00a0 \u00a0 \u00a0 \u00a0 \u00a0Fiber till alla p\u00e5 Seskar\u00f6 med omnejd L\u00e4s &hellip; <a href=\"http:\/\/seskaro.net\/?p=729\">Forts\u00e4tt l\u00e4sa <span class=\"meta-nav\">&rarr;<\/span><\/a><\/p>\n","protected":false},"author":1,"featured_media":0,"comment_status":"open","ping_status":"open","sticky":false,"template":"","format":"standard","meta":[],"categories":[1],"tags":[],"_links":{"self":[{"href":"http:\/\/seskaro.net\/index.php?rest_route=\/wp\/v2\/posts\/729"}],"collection":[{"href":"http:\/\/seskaro.net\/index.php?rest_route=\/wp\/v2\/posts"}],"about":[{"href":"http:\/\/seskaro.net\/index.php?rest_route=\/wp\/v2\/types\/post"}],"author":[{"embeddable":true,"href":"http:\/\/seskaro.net\/index.php?rest_route=\/wp\/v2\/users\/1"}],"replies":[{"embeddable":true,"href":"http:\/\/seskaro.net\/index.php?rest_route=%2Fwp%2Fv2%2Fcomments&post=729"}],"version-history":[{"count":5,"href":"http:\/\/seskaro.net\/index.php?rest_route=\/wp\/v2\/posts\/729\/revisions"}],"predecessor-version":[{"id":734,"href":"http:\/\/seskaro.net\/index.php?rest_route=\/wp\/v2\/posts\/729\/revisions\/734"}],"wp:attachment":[{"href":"http:\/\/seskaro.net\/index.php?rest_route=%2Fwp%2Fv2%2Fmedia&parent=729"}],"wp:term":[{"taxonomy":"category","embeddable":true,"href":"http:\/\/seskaro.net\/index.php?rest_route=%2Fwp%2Fv2%2Fcategories&post=729"},{"taxonomy":"post_tag","embeddable":true,"href":"http:\/\/seskaro.net\/index.php?rest_route=%2Fwp%2Fv2%2Ftags&post=729"}],"curies":[{"name":"wp","href":"https:\/\/api.w.org\/{rel}","templated":true}]}}