{"id":716,"date":"2018-05-03T09:54:14","date_gmt":"2018-05-03T07:54:14","guid":{"rendered":"http:\/\/seskaro.net\/?p=716"},"modified":"2018-05-03T09:56:02","modified_gmt":"2018-05-03T07:56:02","slug":"oppet-mote-ang-gor-om-seskaro","status":"publish","type":"post","link":"http:\/\/seskaro.net\/?p=716","title":{"rendered":"\u00d6ppet m\u00f6te ang &#8221;G\u00f6r om Seskar\u00f6&#8221;"},"content":{"rendered":"<p><strong>22 maj 2018 kl 18.00 Folkets hus, Seskar\u00f6<\/strong><\/p>\n<p>Information ang\u00e5ende renoveringen av Lepp\u00e4niemikajen samt fiberutbyggnaden<\/p>\n<div id=\"wp_fb_like_button\" style=\"margin:5px 0 5px 5px;float:right;height:100px;\"><script src=\"http:\/\/connect.facebook.net\/en_US\/all.js#xfbml=1\"><\/script><fb:like href=\"http%3A%2F%2Fseskaro.net%2F%3Fp%3D716\" send=\"true\" layout=\"button_count\" width=\"450\" show_faces=\"true\" font=\"arial\" action=\"like\" colorscheme=\"light\"><\/fb:like><\/div>","protected":false},"excerpt":{"rendered":"<p>22 maj 2018 kl 18.00 Folkets hus, Seskar\u00f6 Information ang\u00e5ende renoveringen av Lepp\u00e4niemikajen samt fiberutbyggnaden<\/p>\n","protected":false},"author":1,"featured_media":0,"comment_status":"open","ping_status":"open","sticky":false,"template":"","format":"standard","meta":[],"categories":[1],"tags":[],"_links":{"self":[{"href":"http:\/\/seskaro.net\/index.php?rest_route=\/wp\/v2\/posts\/716"}],"collection":[{"href":"http:\/\/seskaro.net\/index.php?rest_route=\/wp\/v2\/posts"}],"about":[{"href":"http:\/\/seskaro.net\/index.php?rest_route=\/wp\/v2\/types\/post"}],"author":[{"embeddable":true,"href":"http:\/\/seskaro.net\/index.php?rest_route=\/wp\/v2\/users\/1"}],"replies":[{"embeddable":true,"href":"http:\/\/seskaro.net\/index.php?rest_route=%2Fwp%2Fv2%2Fcomments&post=716"}],"version-history":[{"count":2,"href":"http:\/\/seskaro.net\/index.php?rest_route=\/wp\/v2\/posts\/716\/revisions"}],"predecessor-version":[{"id":718,"href":"http:\/\/seskaro.net\/index.php?rest_route=\/wp\/v2\/posts\/716\/revisions\/718"}],"wp:attachment":[{"href":"http:\/\/seskaro.net\/index.php?rest_route=%2Fwp%2Fv2%2Fmedia&parent=716"}],"wp:term":[{"taxonomy":"category","embeddable":true,"href":"http:\/\/seskaro.net\/index.php?rest_route=%2Fwp%2Fv2%2Fcategories&post=716"},{"taxonomy":"post_tag","embeddable":true,"href":"http:\/\/seskaro.net\/index.php?rest_route=%2Fwp%2Fv2%2Ftags&post=716"}],"curies":[{"name":"wp","href":"https:\/\/api.w.org\/{rel}","templated":true}]}}