{"id":525,"date":"2016-07-04T09:39:50","date_gmt":"2016-07-04T07:39:50","guid":{"rendered":"http:\/\/seskaro.net\/?p=525"},"modified":"2016-07-04T09:54:43","modified_gmt":"2016-07-04T07:54:43","slug":"sommaren-2016","status":"publish","type":"post","link":"http:\/\/seskaro.net\/?p=525","title":{"rendered":"Sommaren 2016"},"content":{"rendered":"<p>2016-07-08 \u00a0 \u00a018.00 &#8211; 24.00 \u00a0\u00a0<a href=\"http:\/\/seskarobensin-service.se\/aktiviteter\/index.html\"><strong>Musik &#8211; PUB<\/strong>: \u00d6-P\u00e4rlan<\/a><\/p>\n<p>2016-07-21 \u00a0 \u00a018.00 \u00a0 \u00a0 \u00a0 \u00a0 \u00a0 \u00a0 \u00a0\u00a0Seskar\u00f6 Sk\u00e4rg\u00e5rdsfestival:<strong> Konsert i Saarisviken<\/strong><\/p>\n<p>2016-07-22 \u00a0 \u00a018.00 \u00a0 \u00a0 \u00a0 \u00a0 \u00a0 \u00a0 \u00a0\u00a0Seskar\u00f6 Sk\u00e4rg\u00e5rdsfestival: <strong>Musik &#8211; PUB<\/strong><\/p>\n<p>2016-07-23 \u00a0 \u00a012.00 \u00a0 \u00a0 \u00a0 \u00a0 \u00a0 \u00a0 \u00a0\u00a0Seskar\u00f6 Sk\u00e4rg\u00e5rdsfestival: <strong>Familjefest<\/strong><\/p>\n<p>2016-07-24 \u00a0 \u00a011.00 \u00a0 \u00a0 \u00a0 \u00a0 \u00a0 \u00a0 \u00a0 Seskar\u00f6 Sk\u00e4rg\u00e5rdsfestival: <strong>Friluftsgudstj\u00e4nst<\/strong><\/p>\n<p>2016-07-28 \u00a0 \u00a010 -16 \u00a0 \u00a0 \u00a0 \u00a0 \u00a0 \u00a0 \u00a0<strong>Vattenskidskola<\/strong> under tre dagar<\/p>\n<p>2016-07-29 \u00a0 \u00a019.00 \u00a0 \u00a0 \u00a0 \u00a0 \u00a0 \u00a0 \u00a0<strong>\u00a0Musik Pub<\/strong> p\u00e5 \u00d6-p\u00e4rlan<\/p>\n<p>2016-07-30 \u00a0 \u00a019.00 \u00a0 \u00a0 \u00a0 \u00a0 \u00a0 \u00a0 \u00a0\u00a0<strong>Konsert i Seskar\u00f6 Kyrka med NEO<\/strong><\/p>\n<div id=\"wp_fb_like_button\" style=\"margin:5px 0 5px 5px;float:right;height:100px;\"><script src=\"http:\/\/connect.facebook.net\/en_US\/all.js#xfbml=1\"><\/script><fb:like href=\"http%3A%2F%2Fseskaro.net%2F%3Fp%3D525\" send=\"true\" layout=\"button_count\" width=\"450\" show_faces=\"true\" font=\"arial\" action=\"like\" colorscheme=\"light\"><\/fb:like><\/div>","protected":false},"excerpt":{"rendered":"<p>2016-07-08 \u00a0 \u00a018.00 &#8211; 24.00 \u00a0\u00a0Musik &#8211; PUB: \u00d6-P\u00e4rlan 2016-07-21 \u00a0 \u00a018.00 \u00a0 \u00a0 \u00a0 \u00a0 \u00a0 \u00a0 \u00a0\u00a0Seskar\u00f6 Sk\u00e4rg\u00e5rdsfestival: Konsert i Saarisviken 2016-07-22 \u00a0 \u00a018.00 \u00a0 \u00a0 \u00a0 \u00a0 \u00a0 \u00a0 \u00a0\u00a0Seskar\u00f6 Sk\u00e4rg\u00e5rdsfestival: Musik &#8211; PUB 2016-07-23 \u00a0 \u00a012.00 &hellip; <a href=\"http:\/\/seskaro.net\/?p=525\">Forts\u00e4tt l\u00e4sa <span class=\"meta-nav\">&rarr;<\/span><\/a><\/p>\n","protected":false},"author":1,"featured_media":0,"comment_status":"open","ping_status":"open","sticky":false,"template":"","format":"standard","meta":[],"categories":[1],"tags":[],"_links":{"self":[{"href":"http:\/\/seskaro.net\/index.php?rest_route=\/wp\/v2\/posts\/525"}],"collection":[{"href":"http:\/\/seskaro.net\/index.php?rest_route=\/wp\/v2\/posts"}],"about":[{"href":"http:\/\/seskaro.net\/index.php?rest_route=\/wp\/v2\/types\/post"}],"author":[{"embeddable":true,"href":"http:\/\/seskaro.net\/index.php?rest_route=\/wp\/v2\/users\/1"}],"replies":[{"embeddable":true,"href":"http:\/\/seskaro.net\/index.php?rest_route=%2Fwp%2Fv2%2Fcomments&post=525"}],"version-history":[{"count":4,"href":"http:\/\/seskaro.net\/index.php?rest_route=\/wp\/v2\/posts\/525\/revisions"}],"predecessor-version":[{"id":529,"href":"http:\/\/seskaro.net\/index.php?rest_route=\/wp\/v2\/posts\/525\/revisions\/529"}],"wp:attachment":[{"href":"http:\/\/seskaro.net\/index.php?rest_route=%2Fwp%2Fv2%2Fmedia&parent=525"}],"wp:term":[{"taxonomy":"category","embeddable":true,"href":"http:\/\/seskaro.net\/index.php?rest_route=%2Fwp%2Fv2%2Fcategories&post=525"},{"taxonomy":"post_tag","embeddable":true,"href":"http:\/\/seskaro.net\/index.php?rest_route=%2Fwp%2Fv2%2Ftags&post=525"}],"curies":[{"name":"wp","href":"https:\/\/api.w.org\/{rel}","templated":true}]}}