{"id":427,"date":"2015-01-28T16:45:00","date_gmt":"2015-01-28T15:45:00","guid":{"rendered":"http:\/\/seskaro.net\/?p=427"},"modified":"2015-01-28T16:45:00","modified_gmt":"2015-01-28T15:45:00","slug":"kom-och-gor-om-seskaro","status":"publish","type":"post","link":"http:\/\/seskaro.net\/?p=427","title":{"rendered":"Kom och G\u00d6R OM SESKAR\u00d6!"},"content":{"rendered":"<p><strong>Anm\u00e4l dig till Seminariet <\/strong><strong><em>G\u00f6r om Seskar\u00f6<\/em><\/strong><strong> p\u00e5 Folkets Hus L\u00f6rdag 7 februari med start kl 09.00. Information om seminariet som ber\u00f6r oss alla \u2013 Ung som Gammal &#8211; kan du l\u00e4sa om i bifogad information. <\/strong><\/p>\n<p><strong>Det h\u00e4nger p\u00e5 oss alla som \u00e4r intresserade av att Seskar\u00f6 ska utvecklas s\u00e5 att allt fler kan bo och verka h\u00e4r. <\/strong><\/p>\n<p><strong>Har du funderingar p\u00e5 att <\/strong><\/p>\n<ul>\n<li><strong>starta upp verksamheter,<\/strong><\/li>\n<li><strong>utveckla id\u00e9er som du vill f\u00f6rverkliga, <\/strong><\/li>\n<li><strong>utveckla n\u00e5got tillsammans med andra,<\/strong><\/li>\n<li><strong>utveckla saker s\u00e5 att v\u00e5ra barn och ungdomar ska trivas p\u00e5 \u00f6n,<\/strong><\/li>\n<li><strong>f\u00f6resl\u00e5 id\u00e9er om ett framtida \u00e4ldreboende p\u00e5 Seskar\u00f6, <\/strong><\/li>\n<li><strong>utveckla \u00f6kad trygghet p\u00e5 \u00f6n,<\/strong><\/li>\n<li><strong>arbeta f\u00f6r en \u00f6kad inflyttning till Seskar\u00f6. <\/strong><\/li>\n<\/ul>\n<p><strong>\u00a0<\/strong><\/p>\n<p><strong>Med andra ord s\u00e5 \u00e4r det v\u00e5r framtid som ska arbeta med under seminariedagen. . <\/strong><\/p>\n<p><strong>Vi vill inte att Seskar\u00f6 sakta ska bli ett slumrande samh\u00e4lle utan arbetsplatser och ett livaktigt n\u00e4ringsliv. D\u00e5 m\u00e5ste vi alla tillsammans forts\u00e4tta arbeta med Seskar\u00f6s utveckling. V\u00e5r hundra\u00e5riga s\u00e5gverksepok kanske inte kan \u00e5teruppv\u00e4ckas. Nu m\u00e5ste vi s\u00f6ka ny utveckling och det \u00e4r alla v\u00e5rt ansvar. \u00a0\u00a0<\/strong><\/p>\n<p><strong>ANM\u00c4L DIG P\u00c5 SEMINARIET senast 31\/1 och bli med och G\u00d6R OM SESKAR\u00d6!\u00a0 (se bifogad inbjudan). Har du fr\u00e5gor s\u00e5 kan du h\u00f6ra av dig till Maud 072-2156724 eller Sten-Inge 070-5957370.<\/strong><\/p>\n<div id=\"wp_fb_like_button\" style=\"margin:5px 0 5px 5px;float:right;height:100px;\"><script src=\"http:\/\/connect.facebook.net\/en_US\/all.js#xfbml=1\"><\/script><fb:like href=\"http%3A%2F%2Fseskaro.net%2F%3Fp%3D427\" send=\"true\" layout=\"button_count\" width=\"450\" show_faces=\"true\" font=\"arial\" action=\"like\" colorscheme=\"light\"><\/fb:like><\/div>","protected":false},"excerpt":{"rendered":"<p>Anm\u00e4l dig till Seminariet G\u00f6r om Seskar\u00f6 p\u00e5 Folkets Hus L\u00f6rdag 7 februari med start kl 09.00. Information om seminariet som ber\u00f6r oss alla \u2013 Ung som Gammal &#8211; kan du l\u00e4sa om i bifogad information. Det h\u00e4nger p\u00e5 oss &hellip; <a href=\"http:\/\/seskaro.net\/?p=427\">Forts\u00e4tt l\u00e4sa <span class=\"meta-nav\">&rarr;<\/span><\/a><\/p>\n","protected":false},"author":1,"featured_media":0,"comment_status":"open","ping_status":"open","sticky":false,"template":"","format":"standard","meta":[],"categories":[1],"tags":[],"_links":{"self":[{"href":"http:\/\/seskaro.net\/index.php?rest_route=\/wp\/v2\/posts\/427"}],"collection":[{"href":"http:\/\/seskaro.net\/index.php?rest_route=\/wp\/v2\/posts"}],"about":[{"href":"http:\/\/seskaro.net\/index.php?rest_route=\/wp\/v2\/types\/post"}],"author":[{"embeddable":true,"href":"http:\/\/seskaro.net\/index.php?rest_route=\/wp\/v2\/users\/1"}],"replies":[{"embeddable":true,"href":"http:\/\/seskaro.net\/index.php?rest_route=%2Fwp%2Fv2%2Fcomments&post=427"}],"version-history":[{"count":2,"href":"http:\/\/seskaro.net\/index.php?rest_route=\/wp\/v2\/posts\/427\/revisions"}],"predecessor-version":[{"id":429,"href":"http:\/\/seskaro.net\/index.php?rest_route=\/wp\/v2\/posts\/427\/revisions\/429"}],"wp:attachment":[{"href":"http:\/\/seskaro.net\/index.php?rest_route=%2Fwp%2Fv2%2Fmedia&parent=427"}],"wp:term":[{"taxonomy":"category","embeddable":true,"href":"http:\/\/seskaro.net\/index.php?rest_route=%2Fwp%2Fv2%2Fcategories&post=427"},{"taxonomy":"post_tag","embeddable":true,"href":"http:\/\/seskaro.net\/index.php?rest_route=%2Fwp%2Fv2%2Ftags&post=427"}],"curies":[{"name":"wp","href":"https:\/\/api.w.org\/{rel}","templated":true}]}}