{"id":295,"date":"2013-12-10T09:28:41","date_gmt":"2013-12-10T08:28:41","guid":{"rendered":"http:\/\/seskaro.net\/?p=295"},"modified":"2013-12-10T09:28:41","modified_gmt":"2013-12-10T08:28:41","slug":"lucia-pa-folkets-hus","status":"publish","type":"post","link":"http:\/\/seskaro.net\/?p=295","title":{"rendered":"Lucia p\u00e5 Folkets Hus"},"content":{"rendered":"<p>Torsdagen den 12 december kl 18.00 firar vi Lucia p\u00e5 Folkets Hus.<br \/>\nSeskar\u00f6 skola st\u00e5r f\u00f6r underh\u00e5llningen och hembygdsf\u00f6reningen s\u00e4ljer fika.<\/p>\n<p>V\u00e4lkomna!<\/p>\n<p>&nbsp;<\/p>\n<div id=\"wp_fb_like_button\" style=\"margin:5px 0 5px 5px;float:right;height:100px;\"><script src=\"http:\/\/connect.facebook.net\/en_US\/all.js#xfbml=1\"><\/script><fb:like href=\"http%3A%2F%2Fseskaro.net%2F%3Fp%3D295\" send=\"true\" layout=\"button_count\" width=\"450\" show_faces=\"true\" font=\"arial\" action=\"like\" colorscheme=\"light\"><\/fb:like><\/div>","protected":false},"excerpt":{"rendered":"<p>Torsdagen den 12 december kl 18.00 firar vi Lucia p\u00e5 Folkets Hus. Seskar\u00f6 skola st\u00e5r f\u00f6r underh\u00e5llningen och hembygdsf\u00f6reningen s\u00e4ljer fika. V\u00e4lkomna! &nbsp;<\/p>\n","protected":false},"author":1,"featured_media":0,"comment_status":"open","ping_status":"open","sticky":false,"template":"","format":"standard","meta":[],"categories":[1],"tags":[],"_links":{"self":[{"href":"http:\/\/seskaro.net\/index.php?rest_route=\/wp\/v2\/posts\/295"}],"collection":[{"href":"http:\/\/seskaro.net\/index.php?rest_route=\/wp\/v2\/posts"}],"about":[{"href":"http:\/\/seskaro.net\/index.php?rest_route=\/wp\/v2\/types\/post"}],"author":[{"embeddable":true,"href":"http:\/\/seskaro.net\/index.php?rest_route=\/wp\/v2\/users\/1"}],"replies":[{"embeddable":true,"href":"http:\/\/seskaro.net\/index.php?rest_route=%2Fwp%2Fv2%2Fcomments&post=295"}],"version-history":[{"count":2,"href":"http:\/\/seskaro.net\/index.php?rest_route=\/wp\/v2\/posts\/295\/revisions"}],"predecessor-version":[{"id":297,"href":"http:\/\/seskaro.net\/index.php?rest_route=\/wp\/v2\/posts\/295\/revisions\/297"}],"wp:attachment":[{"href":"http:\/\/seskaro.net\/index.php?rest_route=%2Fwp%2Fv2%2Fmedia&parent=295"}],"wp:term":[{"taxonomy":"category","embeddable":true,"href":"http:\/\/seskaro.net\/index.php?rest_route=%2Fwp%2Fv2%2Fcategories&post=295"},{"taxonomy":"post_tag","embeddable":true,"href":"http:\/\/seskaro.net\/index.php?rest_route=%2Fwp%2Fv2%2Ftags&post=295"}],"curies":[{"name":"wp","href":"https:\/\/api.w.org\/{rel}","templated":true}]}}