{"id":290,"date":"2013-11-25T13:04:43","date_gmt":"2013-11-25T12:04:43","guid":{"rendered":"http:\/\/seskaro.net\/?p=290"},"modified":"2013-11-25T13:04:43","modified_gmt":"2013-11-25T12:04:43","slug":"julmarknad-2","status":"publish","type":"post","link":"http:\/\/seskaro.net\/?p=290","title":{"rendered":"Julmarknad"},"content":{"rendered":"<p align=\"center\"><a href=\"http:\/\/seskaro.net\/wp-content\/uploads\/2013\/11\/Lingon.jpg\"><br \/>\n<\/a><a href=\"http:\/\/seskaro.net\/wp-content\/uploads\/2013\/11\/Lingon.jpg\"><img decoding=\"async\" loading=\"lazy\" class=\"aligncenter size-full wp-image-291\" title=\"Lingon\" src=\"http:\/\/seskaro.net\/wp-content\/uploads\/2013\/11\/Lingon.jpg\" alt=\"\" width=\"417\" height=\"144\" srcset=\"http:\/\/seskaro.net\/wp-content\/uploads\/2013\/11\/Lingon.jpg 417w, http:\/\/seskaro.net\/wp-content\/uploads\/2013\/11\/Lingon-300x103.jpg 300w\" sizes=\"(max-width: 417px) 100vw, 417px\" \/><\/a><\/p>\n<p align=\"center\"><strong><a href=\"http:\/\/seskaro.net\/wp-content\/uploads\/2013\/11\/Lingon.jpg\">Julmarknad p\u00e5 Folkets Hus!<\/a><\/strong><\/p>\n<p align=\"center\"><strong>L\u00f6rdag 30 november!<\/strong><\/p>\n<p style=\"text-align: center;\"><em>\u00a0<\/em><strong>Vi b\u00f6rjar kl. 12.00 med att t\u00e4nda julgranen vid ICA, sjunger juls\u00e5nger.<\/strong><\/p>\n<p align=\"center\"><strong>Julmarknaden p\u00e5 Folkets Hus \u00f6ppnar kl 12.30.<\/strong><\/p>\n<p align=\"center\"><strong>\u00a0<\/strong><strong>P\u00e5 marknaden s\u00e4ljes <em>konsthantverk, julkransar och hembakat fikabr\u00f6d,<\/em><\/strong><\/p>\n<p align=\"center\"><strong><em>\u00a0<\/em><\/strong><strong><em>Hembygdsf\u00f6renigen s\u00e4ljer gl\u00f6gg o kaffe med pepparkakor, nybakade julstj\u00e4rnor och lussebullar<\/em><\/strong><\/p>\n<p align=\"center\">\n<p align=\"center\"><em>\u00a0<\/em><strong><em>V\u00e4lkommen!<\/em><\/strong><\/p>\n<p align=\"center\">Seskar\u00f6 Hembygdsf\u00f6rening<\/p>\n<p>\u00a0<a href=\"http:\/\/seskaro.net\/wp-content\/uploads\/2013\/11\/snogubbe.jpg\"><img decoding=\"async\" loading=\"lazy\" class=\"alignright size-full wp-image-292\" title=\"snogubbe\" src=\"http:\/\/seskaro.net\/wp-content\/uploads\/2013\/11\/snogubbe.jpg\" alt=\"\" width=\"110\" height=\"119\" \/><\/a><\/p>\n<div id=\"wp_fb_like_button\" style=\"margin:5px 0 5px 5px;float:right;height:100px;\"><script src=\"http:\/\/connect.facebook.net\/en_US\/all.js#xfbml=1\"><\/script><fb:like href=\"http%3A%2F%2Fseskaro.net%2F%3Fp%3D290\" send=\"true\" layout=\"button_count\" width=\"450\" show_faces=\"true\" font=\"arial\" action=\"like\" colorscheme=\"light\"><\/fb:like><\/div>","protected":false},"excerpt":{"rendered":"<p>Julmarknad p\u00e5 Folkets Hus! L\u00f6rdag 30 november! \u00a0Vi b\u00f6rjar kl. 12.00 med att t\u00e4nda julgranen vid ICA, sjunger juls\u00e5nger. Julmarknaden p\u00e5 Folkets Hus \u00f6ppnar kl 12.30. \u00a0P\u00e5 marknaden s\u00e4ljes konsthantverk, julkransar och hembakat fikabr\u00f6d, \u00a0Hembygdsf\u00f6renigen s\u00e4ljer gl\u00f6gg o kaffe med &hellip; <a href=\"http:\/\/seskaro.net\/?p=290\">Forts\u00e4tt l\u00e4sa <span class=\"meta-nav\">&rarr;<\/span><\/a><\/p>\n","protected":false},"author":1,"featured_media":0,"comment_status":"open","ping_status":"open","sticky":false,"template":"","format":"standard","meta":[],"categories":[1],"tags":[],"_links":{"self":[{"href":"http:\/\/seskaro.net\/index.php?rest_route=\/wp\/v2\/posts\/290"}],"collection":[{"href":"http:\/\/seskaro.net\/index.php?rest_route=\/wp\/v2\/posts"}],"about":[{"href":"http:\/\/seskaro.net\/index.php?rest_route=\/wp\/v2\/types\/post"}],"author":[{"embeddable":true,"href":"http:\/\/seskaro.net\/index.php?rest_route=\/wp\/v2\/users\/1"}],"replies":[{"embeddable":true,"href":"http:\/\/seskaro.net\/index.php?rest_route=%2Fwp%2Fv2%2Fcomments&post=290"}],"version-history":[{"count":2,"href":"http:\/\/seskaro.net\/index.php?rest_route=\/wp\/v2\/posts\/290\/revisions"}],"predecessor-version":[{"id":294,"href":"http:\/\/seskaro.net\/index.php?rest_route=\/wp\/v2\/posts\/290\/revisions\/294"}],"wp:attachment":[{"href":"http:\/\/seskaro.net\/index.php?rest_route=%2Fwp%2Fv2%2Fmedia&parent=290"}],"wp:term":[{"taxonomy":"category","embeddable":true,"href":"http:\/\/seskaro.net\/index.php?rest_route=%2Fwp%2Fv2%2Fcategories&post=290"},{"taxonomy":"post_tag","embeddable":true,"href":"http:\/\/seskaro.net\/index.php?rest_route=%2Fwp%2Fv2%2Ftags&post=290"}],"curies":[{"name":"wp","href":"https:\/\/api.w.org\/{rel}","templated":true}]}}