{"id":241,"date":"2013-06-02T11:45:43","date_gmt":"2013-06-02T09:45:43","guid":{"rendered":"http:\/\/seskaro.net\/?p=241"},"modified":"2013-06-02T11:45:43","modified_gmt":"2013-06-02T09:45:43","slug":"dragspelsmusik-i-sommarkvallen-pa-seskaro","status":"publish","type":"post","link":"http:\/\/seskaro.net\/?p=241","title":{"rendered":"Dragspelsmusik i sommarkv\u00e4llen p\u00e5 Seskar\u00f6"},"content":{"rendered":"<p style=\"text-align: left;\" align=\"center\"><strong>S\u00f6ndagen den 9 juni kl 14.00<\/p>\n<p>\u00d6vertorne\u00e5 dragspelsklubb spelar och sjunger i Seskar\u00f6 Kyrka.<\/strong><\/p>\n<p style=\"text-align: left;\" align=\"center\"><strong>Kom med och lyssna och sjung konserten i kyrkan \u00e4r gratis.<br \/>\n<\/strong><\/p>\n<p style=\"text-align: center;\" align=\"center\"><strong>&#8211; Direkt efter konserten- <\/strong><\/p>\n<p style=\"text-align: left;\" align=\"center\"><strong>Laxsoppa med f\u00e4rskt br\u00f6d, kaffe och kaka serverar vi p\u00e5 Folkets Hus ca kl 15.30\u00a0\u00a0\u00a0\u00a0\u00a0 Pris 60 kr<\/strong><\/p>\n<p style=\"text-align: left;\" align=\"center\"><strong>Anm\u00e4lan till senast den 5 juni till Mats Lindel\u00f6f 20580, <\/strong><\/p>\n<p style=\"text-align: left;\" align=\"center\"><strong>Marianne S\u00f6derholm 20044 eller Maj S\u00f6derholm 20191.<\/strong><\/p>\n<p style=\"text-align: center;\" align=\"center\">\u00a0<strong>V\u00e4lkommen<\/strong><\/p>\n<p style=\"text-align: left;\" align=\"center\"><strong>Seskar\u00f6 PRO \u00a0\u00a0\u00a0 \u00a0\u00a0ABF\u00a0\u00a0\u00a0\u00a0 \u00a0 Seskar\u00f6 Hembygdsf\u00f6reningen<\/strong><\/p>\n<p>&nbsp;<\/p>\n<div id=\"wp_fb_like_button\" style=\"margin:5px 0 5px 5px;float:right;height:100px;\"><script src=\"http:\/\/connect.facebook.net\/en_US\/all.js#xfbml=1\"><\/script><fb:like href=\"http%3A%2F%2Fseskaro.net%2F%3Fp%3D241\" send=\"true\" layout=\"button_count\" width=\"450\" show_faces=\"true\" font=\"arial\" action=\"like\" colorscheme=\"light\"><\/fb:like><\/div>","protected":false},"excerpt":{"rendered":"<p>S\u00f6ndagen den 9 juni kl 14.00 \u00d6vertorne\u00e5 dragspelsklubb spelar och sjunger i Seskar\u00f6 Kyrka. Kom med och lyssna och sjung konserten i kyrkan \u00e4r gratis. &#8211; Direkt efter konserten- Laxsoppa med f\u00e4rskt br\u00f6d, kaffe och kaka serverar vi p\u00e5 Folkets &hellip; <a href=\"http:\/\/seskaro.net\/?p=241\">Forts\u00e4tt l\u00e4sa <span class=\"meta-nav\">&rarr;<\/span><\/a><\/p>\n","protected":false},"author":1,"featured_media":0,"comment_status":"open","ping_status":"open","sticky":false,"template":"","format":"standard","meta":[],"categories":[1],"tags":[],"_links":{"self":[{"href":"http:\/\/seskaro.net\/index.php?rest_route=\/wp\/v2\/posts\/241"}],"collection":[{"href":"http:\/\/seskaro.net\/index.php?rest_route=\/wp\/v2\/posts"}],"about":[{"href":"http:\/\/seskaro.net\/index.php?rest_route=\/wp\/v2\/types\/post"}],"author":[{"embeddable":true,"href":"http:\/\/seskaro.net\/index.php?rest_route=\/wp\/v2\/users\/1"}],"replies":[{"embeddable":true,"href":"http:\/\/seskaro.net\/index.php?rest_route=%2Fwp%2Fv2%2Fcomments&post=241"}],"version-history":[{"count":5,"href":"http:\/\/seskaro.net\/index.php?rest_route=\/wp\/v2\/posts\/241\/revisions"}],"predecessor-version":[{"id":246,"href":"http:\/\/seskaro.net\/index.php?rest_route=\/wp\/v2\/posts\/241\/revisions\/246"}],"wp:attachment":[{"href":"http:\/\/seskaro.net\/index.php?rest_route=%2Fwp%2Fv2%2Fmedia&parent=241"}],"wp:term":[{"taxonomy":"category","embeddable":true,"href":"http:\/\/seskaro.net\/index.php?rest_route=%2Fwp%2Fv2%2Fcategories&post=241"},{"taxonomy":"post_tag","embeddable":true,"href":"http:\/\/seskaro.net\/index.php?rest_route=%2Fwp%2Fv2%2Ftags&post=241"}],"curies":[{"name":"wp","href":"https:\/\/api.w.org\/{rel}","templated":true}]}}