{"id":237,"date":"2013-05-12T09:29:00","date_gmt":"2013-05-12T07:29:00","guid":{"rendered":"http:\/\/seskaro.net\/?p=237"},"modified":"2013-05-12T09:32:40","modified_gmt":"2013-05-12T07:32:40","slug":"mulligt-och-gulligt","status":"publish","type":"post","link":"http:\/\/seskaro.net\/?p=237","title":{"rendered":"Modevisning och barnteater!"},"content":{"rendered":"<p>V\u00e4lkommen till <strong>Mulligt och Gulligt<\/strong><br \/>\nModevisning och f\u00f6rs\u00e4ljning av v\u00e5r- och sommarkl\u00e4der.<br \/>\nVi \u00f6ppnar fredagen den 17 maj kl 16.00 i Folkets Hus.<br \/>\nModevisning startar kl 18.00.<\/p>\n<p>V\u00e4lkommen till barnteater<br \/>\n<strong>Mullis och Blixten.<\/strong><br \/>\nL\u00f6rdagen den 18 maj kl 14.00<br \/>\nBarn gratis o vuxna 50 kr<\/p>\n<p>&nbsp;<\/p>\n<p>&nbsp;<\/p>\n<p>&nbsp;<\/p>\n<p>&nbsp;<\/p>\n<p>&nbsp;<\/p>\n<p>&nbsp;<\/p>\n<p>&nbsp;<\/p>\n<p>&nbsp;<\/p>\n<div id=\"wp_fb_like_button\" style=\"margin:5px 0 5px 5px;float:right;height:100px;\"><script src=\"http:\/\/connect.facebook.net\/en_US\/all.js#xfbml=1\"><\/script><fb:like href=\"http%3A%2F%2Fseskaro.net%2F%3Fp%3D237\" send=\"true\" layout=\"button_count\" width=\"450\" show_faces=\"true\" font=\"arial\" action=\"like\" colorscheme=\"light\"><\/fb:like><\/div>","protected":false},"excerpt":{"rendered":"<p>V\u00e4lkommen till Mulligt och Gulligt Modevisning och f\u00f6rs\u00e4ljning av v\u00e5r- och sommarkl\u00e4der. Vi \u00f6ppnar fredagen den 17 maj kl 16.00 i Folkets Hus. Modevisning startar kl 18.00. V\u00e4lkommen till barnteater Mullis och Blixten. L\u00f6rdagen den 18 maj kl 14.00 Barn &hellip; <a href=\"http:\/\/seskaro.net\/?p=237\">Forts\u00e4tt l\u00e4sa <span class=\"meta-nav\">&rarr;<\/span><\/a><\/p>\n","protected":false},"author":1,"featured_media":0,"comment_status":"open","ping_status":"open","sticky":false,"template":"","format":"standard","meta":[],"categories":[1],"tags":[],"_links":{"self":[{"href":"http:\/\/seskaro.net\/index.php?rest_route=\/wp\/v2\/posts\/237"}],"collection":[{"href":"http:\/\/seskaro.net\/index.php?rest_route=\/wp\/v2\/posts"}],"about":[{"href":"http:\/\/seskaro.net\/index.php?rest_route=\/wp\/v2\/types\/post"}],"author":[{"embeddable":true,"href":"http:\/\/seskaro.net\/index.php?rest_route=\/wp\/v2\/users\/1"}],"replies":[{"embeddable":true,"href":"http:\/\/seskaro.net\/index.php?rest_route=%2Fwp%2Fv2%2Fcomments&post=237"}],"version-history":[{"count":3,"href":"http:\/\/seskaro.net\/index.php?rest_route=\/wp\/v2\/posts\/237\/revisions"}],"predecessor-version":[{"id":239,"href":"http:\/\/seskaro.net\/index.php?rest_route=\/wp\/v2\/posts\/237\/revisions\/239"}],"wp:attachment":[{"href":"http:\/\/seskaro.net\/index.php?rest_route=%2Fwp%2Fv2%2Fmedia&parent=237"}],"wp:term":[{"taxonomy":"category","embeddable":true,"href":"http:\/\/seskaro.net\/index.php?rest_route=%2Fwp%2Fv2%2Fcategories&post=237"},{"taxonomy":"post_tag","embeddable":true,"href":"http:\/\/seskaro.net\/index.php?rest_route=%2Fwp%2Fv2%2Ftags&post=237"}],"curies":[{"name":"wp","href":"https:\/\/api.w.org\/{rel}","templated":true}]}}