{"id":221,"date":"2013-02-22T09:42:12","date_gmt":"2013-02-22T08:42:12","guid":{"rendered":"http:\/\/seskaro.net\/?p=221"},"modified":"2013-04-12T15:52:42","modified_gmt":"2013-04-12T13:52:42","slug":"221","status":"publish","type":"post","link":"http:\/\/seskaro.net\/?p=221","title":{"rendered":"Sn\u00f6skulpturer"},"content":{"rendered":"<p><a href=\"http:\/\/seskaro.net\/wp-content\/uploads\/2013\/02\/Bulle1.jpg\"><img decoding=\"async\" loading=\"lazy\" class=\"aligncenter size-full wp-image-223\" title=\"Bulle\" src=\"http:\/\/seskaro.net\/wp-content\/uploads\/2013\/02\/Bulle1.jpg\" alt=\"\" width=\"128\" height=\"192\" \/><\/a><\/p>\n<p align=\"center\"><strong>L\u00f6rdag 23 februari<\/strong><\/p>\n<p align=\"center\"><strong>Kl. 14.00-16.00<\/strong><\/p>\n<p align=\"center\"><span style=\"font-size: xx-large;\"><strong>Skolbarnens sn\u00f6skulpturer <\/strong><\/span><\/p>\n<p align=\"center\"><span style=\"font-size: x-large;\"><strong>invigs och visas vid ICA kl 13.30 <\/strong><\/span><\/p>\n<p align=\"center\"><span style=\"font-size: xx-large;\"><strong>Kafferep p\u00e5 fokets hus<\/strong><\/span><\/p>\n<p align=\"center\"><span style=\"font-size: x-large;\"><strong>kl. 14-16.00<\/strong><\/span><\/p>\n<p lang=\"nb-NO\" align=\"center\">\u00a0<span style=\"font-size: x-large;\"><strong>Ett hejdundrande gammeldags kafferep med mer \u00e4n sju sorters kakor.<\/strong><\/span><\/p>\n<p align=\"center\"><span style=\"font-size: x-large;\"><strong>Under kafferepet kan du njuta av musik, underh\u00e5llning av stora och sm\u00e5.<\/strong><\/span><\/p>\n<p align=\"center\">\n<p align=\"center\">\u00a0<span style=\"font-size: xx-large;\"><strong>Vernissage av barnens vinteralster.<\/strong><\/span><\/p>\n<p>&nbsp;<\/p>\n<p align=\"center\"><span style=\"font-family: Bookman Old Style, serif;\"><span style=\"font-size: x-large;\"><strong>V\u00e4lkomna<\/strong><\/span><\/span><\/p>\n<p align=\"center\"><span style=\"font-family: Bookman Old Style, serif;\"><span style=\"font-size: x-large;\"><strong>Seskar\u00f6 Hembygdsf\u00f6rening<\/strong><\/span><\/span><\/p>\n<p>&nbsp;<\/p>\n<div id=\"wp_fb_like_button\" style=\"margin:5px 0 5px 5px;float:right;height:100px;\"><script src=\"http:\/\/connect.facebook.net\/en_US\/all.js#xfbml=1\"><\/script><fb:like href=\"http%3A%2F%2Fseskaro.net%2F%3Fp%3D221\" send=\"true\" layout=\"button_count\" width=\"450\" show_faces=\"true\" font=\"arial\" action=\"like\" colorscheme=\"light\"><\/fb:like><\/div>","protected":false},"excerpt":{"rendered":"<p>L\u00f6rdag 23 februari Kl. 14.00-16.00 Skolbarnens sn\u00f6skulpturer invigs och visas vid ICA kl 13.30 Kafferep p\u00e5 fokets hus kl. 14-16.00 \u00a0Ett hejdundrande gammeldags kafferep med mer \u00e4n sju sorters kakor. Under kafferepet kan du njuta av musik, underh\u00e5llning av stora &hellip; <a href=\"http:\/\/seskaro.net\/?p=221\">Forts\u00e4tt l\u00e4sa <span class=\"meta-nav\">&rarr;<\/span><\/a><\/p>\n","protected":false},"author":1,"featured_media":0,"comment_status":"open","ping_status":"open","sticky":false,"template":"","format":"standard","meta":[],"categories":[1],"tags":[],"_links":{"self":[{"href":"http:\/\/seskaro.net\/index.php?rest_route=\/wp\/v2\/posts\/221"}],"collection":[{"href":"http:\/\/seskaro.net\/index.php?rest_route=\/wp\/v2\/posts"}],"about":[{"href":"http:\/\/seskaro.net\/index.php?rest_route=\/wp\/v2\/types\/post"}],"author":[{"embeddable":true,"href":"http:\/\/seskaro.net\/index.php?rest_route=\/wp\/v2\/users\/1"}],"replies":[{"embeddable":true,"href":"http:\/\/seskaro.net\/index.php?rest_route=%2Fwp%2Fv2%2Fcomments&post=221"}],"version-history":[{"count":3,"href":"http:\/\/seskaro.net\/index.php?rest_route=\/wp\/v2\/posts\/221\/revisions"}],"predecessor-version":[{"id":225,"href":"http:\/\/seskaro.net\/index.php?rest_route=\/wp\/v2\/posts\/221\/revisions\/225"}],"wp:attachment":[{"href":"http:\/\/seskaro.net\/index.php?rest_route=%2Fwp%2Fv2%2Fmedia&parent=221"}],"wp:term":[{"taxonomy":"category","embeddable":true,"href":"http:\/\/seskaro.net\/index.php?rest_route=%2Fwp%2Fv2%2Fcategories&post=221"},{"taxonomy":"post_tag","embeddable":true,"href":"http:\/\/seskaro.net\/index.php?rest_route=%2Fwp%2Fv2%2Ftags&post=221"}],"curies":[{"name":"wp","href":"https:\/\/api.w.org\/{rel}","templated":true}]}}