{"id":198,"date":"2012-10-28T08:33:13","date_gmt":"2012-10-28T07:33:13","guid":{"rendered":"http:\/\/seskaro.net\/?p=198"},"modified":"2012-10-28T08:33:13","modified_gmt":"2012-10-28T07:33:13","slug":"teater","status":"publish","type":"post","link":"http:\/\/seskaro.net\/?p=198","title":{"rendered":"Teater"},"content":{"rendered":"<p>&#8221;Tid f\u00f6r avg\u00e5ng&#8221; med Panikteatern.<br \/>\nS\u00f6ndagen den 11 november 2012, kl 18.00, Folkets Hus, Seskar\u00f6.<br \/>\nFikaservering i pausen.<\/p>\n<div id=\"wp_fb_like_button\" style=\"margin:5px 0 5px 5px;float:right;height:100px;\"><script src=\"http:\/\/connect.facebook.net\/en_US\/all.js#xfbml=1\"><\/script><fb:like href=\"http%3A%2F%2Fseskaro.net%2F%3Fp%3D198\" send=\"true\" layout=\"button_count\" width=\"450\" show_faces=\"true\" font=\"arial\" action=\"like\" colorscheme=\"light\"><\/fb:like><\/div>","protected":false},"excerpt":{"rendered":"<p>&#8221;Tid f\u00f6r avg\u00e5ng&#8221; med Panikteatern. S\u00f6ndagen den 11 november 2012, kl 18.00, Folkets Hus, Seskar\u00f6. Fikaservering i pausen.<\/p>\n","protected":false},"author":1,"featured_media":0,"comment_status":"open","ping_status":"open","sticky":false,"template":"","format":"standard","meta":[],"categories":[1],"tags":[],"_links":{"self":[{"href":"http:\/\/seskaro.net\/index.php?rest_route=\/wp\/v2\/posts\/198"}],"collection":[{"href":"http:\/\/seskaro.net\/index.php?rest_route=\/wp\/v2\/posts"}],"about":[{"href":"http:\/\/seskaro.net\/index.php?rest_route=\/wp\/v2\/types\/post"}],"author":[{"embeddable":true,"href":"http:\/\/seskaro.net\/index.php?rest_route=\/wp\/v2\/users\/1"}],"replies":[{"embeddable":true,"href":"http:\/\/seskaro.net\/index.php?rest_route=%2Fwp%2Fv2%2Fcomments&post=198"}],"version-history":[{"count":1,"href":"http:\/\/seskaro.net\/index.php?rest_route=\/wp\/v2\/posts\/198\/revisions"}],"predecessor-version":[{"id":199,"href":"http:\/\/seskaro.net\/index.php?rest_route=\/wp\/v2\/posts\/198\/revisions\/199"}],"wp:attachment":[{"href":"http:\/\/seskaro.net\/index.php?rest_route=%2Fwp%2Fv2%2Fmedia&parent=198"}],"wp:term":[{"taxonomy":"category","embeddable":true,"href":"http:\/\/seskaro.net\/index.php?rest_route=%2Fwp%2Fv2%2Fcategories&post=198"},{"taxonomy":"post_tag","embeddable":true,"href":"http:\/\/seskaro.net\/index.php?rest_route=%2Fwp%2Fv2%2Ftags&post=198"}],"curies":[{"name":"wp","href":"https:\/\/api.w.org\/{rel}","templated":true}]}}