{"id":180,"date":"2012-09-02T16:54:59","date_gmt":"2012-09-02T14:54:59","guid":{"rendered":"http:\/\/seskaro.net\/?p=180"},"modified":"2012-09-02T17:09:09","modified_gmt":"2012-09-02T15:09:09","slug":"180","status":"publish","type":"post","link":"http:\/\/seskaro.net\/?p=180","title":{"rendered":"Musikdag"},"content":{"rendered":"<p><strong><a href=\"http:\/\/seskaro.net\/wp-content\/uploads\/2012\/09\/Jamdagen-seskar\u00f6.jpg\" target=\"_blank\">Seskar\u00f6 Jam!\u00a0<\/a> Musikh\u00e4ndelse p\u00e5 \u00f6n!\u00a0<\/strong><\/p>\n<p>Musikdag f\u00f6r musiker och s\u00e5ngare b\u00e5de gamla och unga!<br \/>\nDu som vill sjunga och\/eller spela p\u00e5 ditt instrument, ensam eller tillsammans med oss andra, har chansen att g\u00f6ra det p\u00e5 Folkets Hus<strong> l\u00f6rdagen den 13 och l\u00f6rdagen 27 oktober 2012.<\/strong><br \/>\nDu beh\u00f6ver inte vara proffs. Kom som du \u00e4r och prova!<br \/>\nBeroende p\u00e5 hur m\u00e5nga vi blir s\u00e5 kommer en viss gruppindelning att ske d\u00e4r man tr\u00e4ffas och spelar (repar) under f\u00f6rmiddagen och eftermiddagen.<br \/>\nDagen avslutas med ett gemensamhetsjam om 3 -5 st l\u00e5tar.<br \/>\nAnm\u00e4l er redan nu s\u00e5 kan vi planera Jamdagen s\u00e5 den blir lyckad!<\/p>\n<p>Ring och anm\u00e4l dig hit:\u00a0<strong> 070-625 38 19<\/strong><\/p>\n<p>Eller e-posta: Seskar\u00f6 Hembygdsf\u00f6rening.<\/p>\n<p>Hans F\u00e4lt, Erika Medstr\u00f6m och Stefan Wennberg<\/p>\n<p>Fyll i uppgifterna nedan och skicka den till<\/p>\n<table width=\"606\" border=\"0\" cellspacing=\"0\" cellpadding=\"0\">\n<colgroup>\n<col width=\"202\" \/><\/colgroup>\n<colgroup>\n<col width=\"404\" \/><\/colgroup>\n<tbody>\n<tr>\n<td width=\"202\" height=\"20\">Musikdag<br \/>\np\u00e5 Seskar\u00f6.<\/td>\n<td width=\"404\">kryssa och fyll i<\/td>\n<\/tr>\n<tr>\n<td height=\"20\"><\/td>\n<td><\/td>\n<\/tr>\n<tr>\n<td height=\"20\"><\/td>\n<td><\/td>\n<\/tr>\n<tr>\n<td height=\"20\"><\/td>\n<td><\/td>\n<\/tr>\n<tr>\n<td height=\"20\">Namn:<\/td>\n<td><\/td>\n<\/tr>\n<tr>\n<td height=\"20\">Adress:<\/td>\n<td><\/td>\n<\/tr>\n<tr>\n<td height=\"20\">Tfn:<\/td>\n<td><\/td>\n<\/tr>\n<tr>\n<td height=\"20\">Epost:<\/td>\n<td><\/td>\n<\/tr>\n<tr>\n<td height=\"20\">Jag spelar f\u00f6ljande instrument:<\/td>\n<td><\/td>\n<\/tr>\n<tr>\n<td height=\"20\">Jag vill spela i grupp:<\/td>\n<td><\/td>\n<\/tr>\n<tr>\n<td height=\"20\">Jag vill spela sj\u00e4lv:<\/td>\n<td><\/td>\n<\/tr>\n<tr>\n<td height=\"20\">Jag vill enbart sjunga:<\/td>\n<td><\/td>\n<\/tr>\n<tr>\n<td height=\"20\">i grupp:<\/td>\n<td><\/td>\n<\/tr>\n<tr>\n<td height=\"20\">solo:<\/td>\n<td><\/td>\n<\/tr>\n<tr>\n<td height=\"20\">Musikstil:<\/td>\n<td><\/td>\n<\/tr>\n<tr>\n<td height=\"20\">L\u00e5tar jag vill spela:<\/td>\n<td><\/td>\n<\/tr>\n<tr>\n<td height=\"20\">L\u00e5tar jag vill sjunga:<\/td>\n<td><\/td>\n<\/tr>\n<\/tbody>\n<\/table>\n<p>Epost: <strong>hembygdsforening@ telia.com<\/strong><\/p>\n<div id=\"wp_fb_like_button\" style=\"margin:5px 0 5px 5px;float:right;height:100px;\"><script src=\"http:\/\/connect.facebook.net\/en_US\/all.js#xfbml=1\"><\/script><fb:like href=\"http%3A%2F%2Fseskaro.net%2F%3Fp%3D180\" send=\"true\" layout=\"button_count\" width=\"450\" show_faces=\"true\" font=\"arial\" action=\"like\" colorscheme=\"light\"><\/fb:like><\/div>","protected":false},"excerpt":{"rendered":"<p>Seskar\u00f6 Jam!\u00a0 Musikh\u00e4ndelse p\u00e5 \u00f6n!\u00a0 Musikdag f\u00f6r musiker och s\u00e5ngare b\u00e5de gamla och unga! Du som vill sjunga och\/eller spela p\u00e5 ditt instrument, ensam eller tillsammans med oss andra, har chansen att g\u00f6ra det p\u00e5 Folkets Hus l\u00f6rdagen den 13 &hellip; <a href=\"http:\/\/seskaro.net\/?p=180\">Forts\u00e4tt l\u00e4sa <span class=\"meta-nav\">&rarr;<\/span><\/a><\/p>\n","protected":false},"author":1,"featured_media":0,"comment_status":"open","ping_status":"open","sticky":false,"template":"","format":"standard","meta":[],"categories":[1],"tags":[],"_links":{"self":[{"href":"http:\/\/seskaro.net\/index.php?rest_route=\/wp\/v2\/posts\/180"}],"collection":[{"href":"http:\/\/seskaro.net\/index.php?rest_route=\/wp\/v2\/posts"}],"about":[{"href":"http:\/\/seskaro.net\/index.php?rest_route=\/wp\/v2\/types\/post"}],"author":[{"embeddable":true,"href":"http:\/\/seskaro.net\/index.php?rest_route=\/wp\/v2\/users\/1"}],"replies":[{"embeddable":true,"href":"http:\/\/seskaro.net\/index.php?rest_route=%2Fwp%2Fv2%2Fcomments&post=180"}],"version-history":[{"count":4,"href":"http:\/\/seskaro.net\/index.php?rest_route=\/wp\/v2\/posts\/180\/revisions"}],"predecessor-version":[{"id":183,"href":"http:\/\/seskaro.net\/index.php?rest_route=\/wp\/v2\/posts\/180\/revisions\/183"}],"wp:attachment":[{"href":"http:\/\/seskaro.net\/index.php?rest_route=%2Fwp%2Fv2%2Fmedia&parent=180"}],"wp:term":[{"taxonomy":"category","embeddable":true,"href":"http:\/\/seskaro.net\/index.php?rest_route=%2Fwp%2Fv2%2Fcategories&post=180"},{"taxonomy":"post_tag","embeddable":true,"href":"http:\/\/seskaro.net\/index.php?rest_route=%2Fwp%2Fv2%2Ftags&post=180"}],"curies":[{"name":"wp","href":"https:\/\/api.w.org\/{rel}","templated":true}]}}